{"id":1112,"date":"2024-03-05T07:00:45","date_gmt":"2024-03-05T07:00:45","guid":{"rendered":"https:\/\/blog.agrobay.com.py\/?p=1112"},"modified":"2024-02-29T14:54:53","modified_gmt":"2024-02-29T14:54:53","slug":"cultivo-de-avena-negra-en-paraguay","status":"publish","type":"post","link":"https:\/\/blog.agrobay.com.py\/index.php\/2024\/03\/05\/cultivo-de-avena-negra-en-paraguay\/","title":{"rendered":"Cultivo de Avena Negra en Paraguay."},"content":{"rendered":"<p><img loading=\"lazy\" decoding=\"async\" class=\"aligncenter size-large wp-image-1137\" src=\"https:\/\/blog.agrobay.com.py\/wp-content\/uploads\/2024\/03\/agricultural-4867714_1280-1024x731.jpg\" alt=\"\" width=\"1024\" height=\"731\" srcset=\"https:\/\/blog.agrobay.com.py\/wp-content\/uploads\/2024\/03\/agricultural-4867714_1280-1024x731.jpg 1024w, https:\/\/blog.agrobay.com.py\/wp-content\/uploads\/2024\/03\/agricultural-4867714_1280-980x700.jpg 980w, https:\/\/blog.agrobay.com.py\/wp-content\/uploads\/2024\/03\/agricultural-4867714_1280-480x343.jpg 480w\" sizes=\"auto, (min-width: 0px) and (max-width: 480px) 480px, (min-width: 481px) and (max-width: 980px) 980px, (min-width: 981px) 1024px, 100vw\" \/><\/p>\n<p style=\"text-align: center;\"><strong>Fuente:<a href=\"https:\/\/pixabay.com\/es\/photos\/agr%C3%ADcola-avena-comida-cosecha-4867714\/\">https:\/\/pixabay.com<\/a><\/strong><\/p>\n<p>En el tejido f\u00e9rtil de la agricultura paraguaya, el cultivo de avena emerge como un cap\u00edtulo prometedor y vers\u00e1til. Enclavado en un escenario agr\u00edcola que busca constantemente alternativas sostenibles y rentables, este cereal, y en particular la variedad de avena negra, ha captado la atenci\u00f3n de los agricultores. Su capacidad para resistir condiciones clim\u00e1ticas adversas y adaptarse a diversos tipos de suelos a\u00f1ade una dimensi\u00f3n valiosa a su presencia en la agricultura paraguaya. En el siguiente art\u00edculo te comentamos m\u00e1s acerca de este cultivo.<\/p>\n<p>Este cultivo no solo ofrece un horizonte de posibilidades en t\u00e9rminos de resistencia y adaptabilidad, sino que tambi\u00e9n aporta beneficios nutricionales significativos, enriqueciendo tanto la alimentaci\u00f3n animal como humana. Adem\u00e1s, la avena negra se erige como una aliada del suelo al contribuir a su salud a trav\u00e9s de la fijaci\u00f3n de nitr\u00f3geno atmosf\u00e9rico. A pesar de los desaf\u00edos que puedan surgir, el cultivo de avena en Paraguay se vislumbra como un camino hacia la diversificaci\u00f3n agr\u00edcola y la construcci\u00f3n de sistemas m\u00e1s robustos y sostenibles.<\/p>\n<h2><strong>Historia del Cultivo de la Avena Negra.<\/strong><\/h2>\n<p>La agricultura en Paraguay ha experimentado diversas transformaciones a lo largo de los a\u00f1os, y una de las tendencias emergentes es el cultivo de avena negra. Este cereal, conocido por su resistencia y adaptabilidad, se est\u00e1 convirtiendo en una opci\u00f3n atractiva para los agricultores paraguayos en busca de alternativas sustentables y rentables.<\/p>\n<p>El cultivo de avena negra en Paraguay tiene un ciclo espec\u00edfico que se adapta bien al clima del pa\u00eds. El periodo de siembra generalmente comienza en los meses de mayo y junio, aprovechando las condiciones clim\u00e1ticas ideales para el desarrollo inicial de la planta. Durante estos meses, la temperatura y las lluvias proporcionan un ambiente propicio para el establecimiento de los cultivos.<\/p>\n<p>El crecimiento de la avena negra en Paraguay contin\u00faa a lo largo de los meses siguientes, alcanzando su etapa de floraci\u00f3n en julio y agosto. Estos son meses cruciales, ya que el desarrollo de las flores determina en gran medida el rendimiento final del cultivo. La avena negra es conocida por su resistencia a las condiciones adversas, lo que la hace particularmente adecuada para afrontar los desaf\u00edos clim\u00e1ticos que a veces se presentan en Paraguay.<\/p>\n<p>La cosecha de la avena negra generalmente tiene lugar entre los meses de septiembre y octubre, marcando el final del ciclo de cultivo. Durante este periodo, los agricultores cosechan los granos maduros de la avena negra, que luego pueden destinarse a diversos fines, desde la alimentaci\u00f3n animal hasta la producci\u00f3n de alimentos para consumo humano.<\/p>\n<p>Un aspecto interesante de la avena negra es su capacidad para adaptarse a diferentes tipos de suelos. En Paraguay, donde la diversidad de suelos es notable, esta caracter\u00edstica es especialmente valiosa. La avena negra puede prosperar en suelos con variaciones de textura y composici\u00f3n, lo que facilita su cultivo en diversas regiones del pa\u00eds.<\/p>\n<p>Adem\u00e1s de su resistencia a condiciones variables, la avena negra posee propiedades nutricionales que la convierten en una elecci\u00f3n saludable. Rica en fibra, prote\u00ednas y otros nutrientes esenciales, esta variedad de avena puede contribuir a una dieta equilibrada tanto para animales como para humanos. Su versatilidad nutricional ha despertado el inter\u00e9s de la industria alimentaria y ganadera en Paraguay.<\/p>\n<p>Otro dato intrigante sobre la avena negra es su capacidad para mejorar la salud del suelo. Esta planta tiene la capacidad de fijar nitr\u00f3geno atmosf\u00e9rico, lo que beneficia a los cultivos que la siguen en rotaci\u00f3n. La pr\u00e1ctica de rotar cultivos, incluyendo la avena negra en la secuencia, puede ser una estrategia efectiva para mejorar la fertilidad del suelo y reducir la dependencia de fertilizantes qu\u00edmicos.<\/p>\n<p>A pesar de las ventajas evidentes del cultivo de avena negra en Paraguay, a\u00fan existen desaf\u00edos a considerar. La educaci\u00f3n y asesoramiento agr\u00edcola adecuados son fundamentales para maximizar los rendimientos y asegurar la sostenibilidad a largo plazo de este cultivo en nuestro querido pa\u00eds.<\/p>\n<p><img loading=\"lazy\" decoding=\"async\" class=\"aligncenter size-large wp-image-1136\" src=\"https:\/\/blog.agrobay.com.py\/wp-content\/uploads\/2024\/03\/grass-7115462_1280-1024x682.jpg\" alt=\"\" width=\"1024\" height=\"682\" srcset=\"https:\/\/blog.agrobay.com.py\/wp-content\/uploads\/2024\/03\/grass-7115462_1280-1024x682.jpg 1024w, https:\/\/blog.agrobay.com.py\/wp-content\/uploads\/2024\/03\/grass-7115462_1280-980x653.jpg 980w, https:\/\/blog.agrobay.com.py\/wp-content\/uploads\/2024\/03\/grass-7115462_1280-480x320.jpg 480w\" sizes=\"auto, (min-width: 0px) and (max-width: 480px) 480px, (min-width: 481px) and (max-width: 980px) 980px, (min-width: 981px) 1024px, 100vw\" \/><\/p>\n<p style=\"text-align: center;\"><strong>Fuente:<a href=\"https:\/\/pixabay.com\/es\/photos\/hierba-plantas-avena-o%C3%ADdo-cebada-7115462\/\">https:\/\/pixabay.com<\/a><\/strong><\/p>\n<p>En conclusi\u00f3n, el cultivo de avena negra en Paraguay se presenta como una alternativa prometedora en el panorama agr\u00edcola del pa\u00eds. Su resistencia, adaptabilidad y beneficios nutricionales hacen de esta variedad de avena una opci\u00f3n atractiva para los agricultores paraguayos que buscan diversificar y fortalecer sus sistemas de cultivo. Con un enfoque hol\u00edstico que incluya pr\u00e1cticas sostenibles y un manejo cuidadoso, la avena negra podr\u00eda desempe\u00f1ar un papel clave en el futuro agr\u00edcola de Paraguay.<\/p>\n","protected":false},"excerpt":{"rendered":"<p>Fuente:https:\/\/pixabay.com En el tejido f\u00e9rtil de la agricultura paraguaya, el cultivo de avena emerge como un cap\u00edtulo prometedor y vers\u00e1til. Enclavado en un escenario agr\u00edcola que busca constantemente alternativas sostenibles y rentables, este cereal, y en particular la variedad de avena negra, ha captado la atenci\u00f3n de los agricultores. Su capacidad para resistir condiciones clim\u00e1ticas [&hellip;]<\/p>\n","protected":false},"author":5,"featured_media":1137,"comment_status":"open","ping_status":"open","sticky":false,"template":"","format":"standard","meta":{"_et_pb_use_builder":"","_et_pb_old_content":"","_et_gb_content_width":"","footnotes":""},"categories":[4],"tags":[],"class_list":["post-1112","post","type-post","status-publish","format-standard","has-post-thumbnail","hentry","category-historias-de-exito"],"yoast_head":"<!-- This site is optimized with the Yoast SEO plugin v25.8 - https:\/\/yoast.com\/wordpress\/plugins\/seo\/ -->\n<title>Cultivo de Avena Negra en Paraguay. - Agrobay<\/title>\n<meta name=\"robots\" content=\"index, follow, max-snippet:-1, max-image-preview:large, max-video-preview:-1\" \/>\n<link rel=\"canonical\" href=\"https:\/\/blog.agrobay.com.py\/index.php\/2024\/03\/05\/cultivo-de-avena-negra-en-paraguay\/\" \/>\n<meta property=\"og:locale\" content=\"pt_BR\" \/>\n<meta property=\"og:type\" content=\"article\" \/>\n<meta property=\"og:title\" content=\"Cultivo de Avena Negra en Paraguay. - Agrobay\" \/>\n<meta property=\"og:description\" content=\"Fuente:https:\/\/pixabay.com En el tejido f\u00e9rtil de la agricultura paraguaya, el cultivo de avena emerge como un cap\u00edtulo prometedor y vers\u00e1til. Enclavado en un escenario agr\u00edcola que busca constantemente alternativas sostenibles y rentables, este cereal, y en particular la variedad de avena negra, ha captado la atenci\u00f3n de los agricultores. Su capacidad para resistir condiciones clim\u00e1ticas [&hellip;]\" \/>\n<meta property=\"og:url\" content=\"https:\/\/blog.agrobay.com.py\/index.php\/2024\/03\/05\/cultivo-de-avena-negra-en-paraguay\/\" \/>\n<meta property=\"og:site_name\" content=\"Agrobay\" \/>\n<meta property=\"article:publisher\" content=\"https:\/\/www.facebook.com\/agrobay.py\" \/>\n<meta property=\"article:published_time\" content=\"2024-03-05T07:00:45+00:00\" \/>\n<meta property=\"og:image\" content=\"https:\/\/blog.agrobay.com.py\/wp-content\/uploads\/2024\/03\/agricultural-4867714_1280.jpg\" \/>\n\t<meta property=\"og:image:width\" content=\"1280\" \/>\n\t<meta property=\"og:image:height\" content=\"914\" \/>\n\t<meta property=\"og:image:type\" content=\"image\/jpeg\" \/>\n<meta name=\"author\" content=\"Rocio Torres\" \/>\n<meta name=\"twitter:card\" content=\"summary_large_image\" \/>\n<meta name=\"twitter:label1\" content=\"Escrito por\" \/>\n\t<meta name=\"twitter:data1\" content=\"Rocio Torres\" \/>\n\t<meta name=\"twitter:label2\" content=\"Est. tempo de leitura\" \/>\n\t<meta name=\"twitter:data2\" content=\"5 minutos\" \/>\n<script type=\"application\/ld+json\" class=\"yoast-schema-graph\">{\"@context\":\"https:\/\/schema.org\",\"@graph\":[{\"@type\":\"Article\",\"@id\":\"https:\/\/blog.agrobay.com.py\/index.php\/2024\/03\/05\/cultivo-de-avena-negra-en-paraguay\/#article\",\"isPartOf\":{\"@id\":\"https:\/\/blog.agrobay.com.py\/index.php\/2024\/03\/05\/cultivo-de-avena-negra-en-paraguay\/\"},\"author\":{\"name\":\"Rocio Torres\",\"@id\":\"https:\/\/blog.agrobay.com.py\/#\/schema\/person\/dbde62967f672e55a20fc77a0dadbe6d\"},\"headline\":\"Cultivo de Avena Negra en Paraguay.\",\"datePublished\":\"2024-03-05T07:00:45+00:00\",\"mainEntityOfPage\":{\"@id\":\"https:\/\/blog.agrobay.com.py\/index.php\/2024\/03\/05\/cultivo-de-avena-negra-en-paraguay\/\"},\"wordCount\":792,\"commentCount\":0,\"publisher\":{\"@id\":\"https:\/\/blog.agrobay.com.py\/#organization\"},\"image\":{\"@id\":\"https:\/\/blog.agrobay.com.py\/index.php\/2024\/03\/05\/cultivo-de-avena-negra-en-paraguay\/#primaryimage\"},\"thumbnailUrl\":\"https:\/\/blog.agrobay.com.py\/wp-content\/uploads\/2024\/03\/agricultural-4867714_1280.jpg\",\"articleSection\":[\"Historias de \u00e9xito\"],\"inLanguage\":\"pt-BR\",\"potentialAction\":[{\"@type\":\"CommentAction\",\"name\":\"Comment\",\"target\":[\"https:\/\/blog.agrobay.com.py\/index.php\/2024\/03\/05\/cultivo-de-avena-negra-en-paraguay\/#respond\"]}]},{\"@type\":\"WebPage\",\"@id\":\"https:\/\/blog.agrobay.com.py\/index.php\/2024\/03\/05\/cultivo-de-avena-negra-en-paraguay\/\",\"url\":\"https:\/\/blog.agrobay.com.py\/index.php\/2024\/03\/05\/cultivo-de-avena-negra-en-paraguay\/\",\"name\":\"Cultivo de Avena Negra en Paraguay. - Agrobay\",\"isPartOf\":{\"@id\":\"https:\/\/blog.agrobay.com.py\/#website\"},\"primaryImageOfPage\":{\"@id\":\"https:\/\/blog.agrobay.com.py\/index.php\/2024\/03\/05\/cultivo-de-avena-negra-en-paraguay\/#primaryimage\"},\"image\":{\"@id\":\"https:\/\/blog.agrobay.com.py\/index.php\/2024\/03\/05\/cultivo-de-avena-negra-en-paraguay\/#primaryimage\"},\"thumbnailUrl\":\"https:\/\/blog.agrobay.com.py\/wp-content\/uploads\/2024\/03\/agricultural-4867714_1280.jpg\",\"datePublished\":\"2024-03-05T07:00:45+00:00\",\"breadcrumb\":{\"@id\":\"https:\/\/blog.agrobay.com.py\/index.php\/2024\/03\/05\/cultivo-de-avena-negra-en-paraguay\/#breadcrumb\"},\"inLanguage\":\"pt-BR\",\"potentialAction\":[{\"@type\":\"ReadAction\",\"target\":[\"https:\/\/blog.agrobay.com.py\/index.php\/2024\/03\/05\/cultivo-de-avena-negra-en-paraguay\/\"]}]},{\"@type\":\"ImageObject\",\"inLanguage\":\"pt-BR\",\"@id\":\"https:\/\/blog.agrobay.com.py\/index.php\/2024\/03\/05\/cultivo-de-avena-negra-en-paraguay\/#primaryimage\",\"url\":\"https:\/\/blog.agrobay.com.py\/wp-content\/uploads\/2024\/03\/agricultural-4867714_1280.jpg\",\"contentUrl\":\"https:\/\/blog.agrobay.com.py\/wp-content\/uploads\/2024\/03\/agricultural-4867714_1280.jpg\",\"width\":1280,\"height\":914},{\"@type\":\"BreadcrumbList\",\"@id\":\"https:\/\/blog.agrobay.com.py\/index.php\/2024\/03\/05\/cultivo-de-avena-negra-en-paraguay\/#breadcrumb\",\"itemListElement\":[{\"@type\":\"ListItem\",\"position\":1,\"name\":\"In\u00edcio\",\"item\":\"https:\/\/blog.agrobay.com.py\/\"},{\"@type\":\"ListItem\",\"position\":2,\"name\":\"Cultivo de Avena Negra en Paraguay.\"}]},{\"@type\":\"WebSite\",\"@id\":\"https:\/\/blog.agrobay.com.py\/#website\",\"url\":\"https:\/\/blog.agrobay.com.py\/\",\"name\":\"Agrobay\",\"description\":\"Blog\",\"publisher\":{\"@id\":\"https:\/\/blog.agrobay.com.py\/#organization\"},\"potentialAction\":[{\"@type\":\"SearchAction\",\"target\":{\"@type\":\"EntryPoint\",\"urlTemplate\":\"https:\/\/blog.agrobay.com.py\/?s={search_term_string}\"},\"query-input\":{\"@type\":\"PropertyValueSpecification\",\"valueRequired\":true,\"valueName\":\"search_term_string\"}}],\"inLanguage\":\"pt-BR\"},{\"@type\":\"Organization\",\"@id\":\"https:\/\/blog.agrobay.com.py\/#organization\",\"name\":\"Agrobay\",\"url\":\"https:\/\/blog.agrobay.com.py\/\",\"logo\":{\"@type\":\"ImageObject\",\"inLanguage\":\"pt-BR\",\"@id\":\"https:\/\/blog.agrobay.com.py\/#\/schema\/logo\/image\/\",\"url\":\"https:\/\/blog.agrobay.com.py\/wp-content\/uploads\/2022\/03\/logo-agrobay-01.png\",\"contentUrl\":\"https:\/\/blog.agrobay.com.py\/wp-content\/uploads\/2022\/03\/logo-agrobay-01.png\",\"width\":5906,\"height\":1286,\"caption\":\"Agrobay\"},\"image\":{\"@id\":\"https:\/\/blog.agrobay.com.py\/#\/schema\/logo\/image\/\"},\"sameAs\":[\"https:\/\/www.facebook.com\/agrobay.py\",\"https:\/\/www.instagram.com\/agrobay.py\"]},{\"@type\":\"Person\",\"@id\":\"https:\/\/blog.agrobay.com.py\/#\/schema\/person\/dbde62967f672e55a20fc77a0dadbe6d\",\"name\":\"Rocio Torres\",\"image\":{\"@type\":\"ImageObject\",\"inLanguage\":\"pt-BR\",\"@id\":\"https:\/\/blog.agrobay.com.py\/#\/schema\/person\/image\/\",\"url\":\"https:\/\/secure.gravatar.com\/avatar\/84540bdeea36992c37663b76b6b2bd16a5ee2cb852032bf516465d4cd6bf6166?s=96&d=mm&r=g\",\"contentUrl\":\"https:\/\/secure.gravatar.com\/avatar\/84540bdeea36992c37663b76b6b2bd16a5ee2cb852032bf516465d4cd6bf6166?s=96&d=mm&r=g\",\"caption\":\"Rocio Torres\"},\"description\":\"Ingeniera Agr\u00f3noma de la FIA UNE. Apasionada por la agricultura y todo lo relacionado con ella. Apoyando a Agrobay en la producci\u00f3n de contenidos para el\u00a0Blog\u00a0Agrobay.\",\"url\":\"https:\/\/blog.agrobay.com.py\/index.php\/author\/rocio-torres\/\"}]}<\/script>\n<!-- \/ Yoast SEO plugin. -->","yoast_head_json":{"title":"Cultivo de Avena Negra en Paraguay. - Agrobay","robots":{"index":"index","follow":"follow","max-snippet":"max-snippet:-1","max-image-preview":"max-image-preview:large","max-video-preview":"max-video-preview:-1"},"canonical":"https:\/\/blog.agrobay.com.py\/index.php\/2024\/03\/05\/cultivo-de-avena-negra-en-paraguay\/","og_locale":"pt_BR","og_type":"article","og_title":"Cultivo de Avena Negra en Paraguay. - Agrobay","og_description":"Fuente:https:\/\/pixabay.com En el tejido f\u00e9rtil de la agricultura paraguaya, el cultivo de avena emerge como un cap\u00edtulo prometedor y vers\u00e1til. Enclavado en un escenario agr\u00edcola que busca constantemente alternativas sostenibles y rentables, este cereal, y en particular la variedad de avena negra, ha captado la atenci\u00f3n de los agricultores. Su capacidad para resistir condiciones clim\u00e1ticas [&hellip;]","og_url":"https:\/\/blog.agrobay.com.py\/index.php\/2024\/03\/05\/cultivo-de-avena-negra-en-paraguay\/","og_site_name":"Agrobay","article_publisher":"https:\/\/www.facebook.com\/agrobay.py","article_published_time":"2024-03-05T07:00:45+00:00","og_image":[{"width":1280,"height":914,"url":"https:\/\/blog.agrobay.com.py\/wp-content\/uploads\/2024\/03\/agricultural-4867714_1280.jpg","type":"image\/jpeg"}],"author":"Rocio Torres","twitter_card":"summary_large_image","twitter_misc":{"Escrito por":"Rocio Torres","Est. tempo de leitura":"5 minutos"},"schema":{"@context":"https:\/\/schema.org","@graph":[{"@type":"Article","@id":"https:\/\/blog.agrobay.com.py\/index.php\/2024\/03\/05\/cultivo-de-avena-negra-en-paraguay\/#article","isPartOf":{"@id":"https:\/\/blog.agrobay.com.py\/index.php\/2024\/03\/05\/cultivo-de-avena-negra-en-paraguay\/"},"author":{"name":"Rocio Torres","@id":"https:\/\/blog.agrobay.com.py\/#\/schema\/person\/dbde62967f672e55a20fc77a0dadbe6d"},"headline":"Cultivo de Avena Negra en Paraguay.","datePublished":"2024-03-05T07:00:45+00:00","mainEntityOfPage":{"@id":"https:\/\/blog.agrobay.com.py\/index.php\/2024\/03\/05\/cultivo-de-avena-negra-en-paraguay\/"},"wordCount":792,"commentCount":0,"publisher":{"@id":"https:\/\/blog.agrobay.com.py\/#organization"},"image":{"@id":"https:\/\/blog.agrobay.com.py\/index.php\/2024\/03\/05\/cultivo-de-avena-negra-en-paraguay\/#primaryimage"},"thumbnailUrl":"https:\/\/blog.agrobay.com.py\/wp-content\/uploads\/2024\/03\/agricultural-4867714_1280.jpg","articleSection":["Historias de \u00e9xito"],"inLanguage":"pt-BR","potentialAction":[{"@type":"CommentAction","name":"Comment","target":["https:\/\/blog.agrobay.com.py\/index.php\/2024\/03\/05\/cultivo-de-avena-negra-en-paraguay\/#respond"]}]},{"@type":"WebPage","@id":"https:\/\/blog.agrobay.com.py\/index.php\/2024\/03\/05\/cultivo-de-avena-negra-en-paraguay\/","url":"https:\/\/blog.agrobay.com.py\/index.php\/2024\/03\/05\/cultivo-de-avena-negra-en-paraguay\/","name":"Cultivo de Avena Negra en Paraguay. - Agrobay","isPartOf":{"@id":"https:\/\/blog.agrobay.com.py\/#website"},"primaryImageOfPage":{"@id":"https:\/\/blog.agrobay.com.py\/index.php\/2024\/03\/05\/cultivo-de-avena-negra-en-paraguay\/#primaryimage"},"image":{"@id":"https:\/\/blog.agrobay.com.py\/index.php\/2024\/03\/05\/cultivo-de-avena-negra-en-paraguay\/#primaryimage"},"thumbnailUrl":"https:\/\/blog.agrobay.com.py\/wp-content\/uploads\/2024\/03\/agricultural-4867714_1280.jpg","datePublished":"2024-03-05T07:00:45+00:00","breadcrumb":{"@id":"https:\/\/blog.agrobay.com.py\/index.php\/2024\/03\/05\/cultivo-de-avena-negra-en-paraguay\/#breadcrumb"},"inLanguage":"pt-BR","potentialAction":[{"@type":"ReadAction","target":["https:\/\/blog.agrobay.com.py\/index.php\/2024\/03\/05\/cultivo-de-avena-negra-en-paraguay\/"]}]},{"@type":"ImageObject","inLanguage":"pt-BR","@id":"https:\/\/blog.agrobay.com.py\/index.php\/2024\/03\/05\/cultivo-de-avena-negra-en-paraguay\/#primaryimage","url":"https:\/\/blog.agrobay.com.py\/wp-content\/uploads\/2024\/03\/agricultural-4867714_1280.jpg","contentUrl":"https:\/\/blog.agrobay.com.py\/wp-content\/uploads\/2024\/03\/agricultural-4867714_1280.jpg","width":1280,"height":914},{"@type":"BreadcrumbList","@id":"https:\/\/blog.agrobay.com.py\/index.php\/2024\/03\/05\/cultivo-de-avena-negra-en-paraguay\/#breadcrumb","itemListElement":[{"@type":"ListItem","position":1,"name":"In\u00edcio","item":"https:\/\/blog.agrobay.com.py\/"},{"@type":"ListItem","position":2,"name":"Cultivo de Avena Negra en Paraguay."}]},{"@type":"WebSite","@id":"https:\/\/blog.agrobay.com.py\/#website","url":"https:\/\/blog.agrobay.com.py\/","name":"Agrobay","description":"Blog","publisher":{"@id":"https:\/\/blog.agrobay.com.py\/#organization"},"potentialAction":[{"@type":"SearchAction","target":{"@type":"EntryPoint","urlTemplate":"https:\/\/blog.agrobay.com.py\/?s={search_term_string}"},"query-input":{"@type":"PropertyValueSpecification","valueRequired":true,"valueName":"search_term_string"}}],"inLanguage":"pt-BR"},{"@type":"Organization","@id":"https:\/\/blog.agrobay.com.py\/#organization","name":"Agrobay","url":"https:\/\/blog.agrobay.com.py\/","logo":{"@type":"ImageObject","inLanguage":"pt-BR","@id":"https:\/\/blog.agrobay.com.py\/#\/schema\/logo\/image\/","url":"https:\/\/blog.agrobay.com.py\/wp-content\/uploads\/2022\/03\/logo-agrobay-01.png","contentUrl":"https:\/\/blog.agrobay.com.py\/wp-content\/uploads\/2022\/03\/logo-agrobay-01.png","width":5906,"height":1286,"caption":"Agrobay"},"image":{"@id":"https:\/\/blog.agrobay.com.py\/#\/schema\/logo\/image\/"},"sameAs":["https:\/\/www.facebook.com\/agrobay.py","https:\/\/www.instagram.com\/agrobay.py"]},{"@type":"Person","@id":"https:\/\/blog.agrobay.com.py\/#\/schema\/person\/dbde62967f672e55a20fc77a0dadbe6d","name":"Rocio Torres","image":{"@type":"ImageObject","inLanguage":"pt-BR","@id":"https:\/\/blog.agrobay.com.py\/#\/schema\/person\/image\/","url":"https:\/\/secure.gravatar.com\/avatar\/84540bdeea36992c37663b76b6b2bd16a5ee2cb852032bf516465d4cd6bf6166?s=96&d=mm&r=g","contentUrl":"https:\/\/secure.gravatar.com\/avatar\/84540bdeea36992c37663b76b6b2bd16a5ee2cb852032bf516465d4cd6bf6166?s=96&d=mm&r=g","caption":"Rocio Torres"},"description":"Ingeniera Agr\u00f3noma de la FIA UNE. Apasionada por la agricultura y todo lo relacionado con ella. Apoyando a Agrobay en la producci\u00f3n de contenidos para el\u00a0Blog\u00a0Agrobay.","url":"https:\/\/blog.agrobay.com.py\/index.php\/author\/rocio-torres\/"}]}},"_links":{"self":[{"href":"https:\/\/blog.agrobay.com.py\/index.php\/wp-json\/wp\/v2\/posts\/1112","targetHints":{"allow":["GET"]}}],"collection":[{"href":"https:\/\/blog.agrobay.com.py\/index.php\/wp-json\/wp\/v2\/posts"}],"about":[{"href":"https:\/\/blog.agrobay.com.py\/index.php\/wp-json\/wp\/v2\/types\/post"}],"author":[{"embeddable":true,"href":"https:\/\/blog.agrobay.com.py\/index.php\/wp-json\/wp\/v2\/users\/5"}],"replies":[{"embeddable":true,"href":"https:\/\/blog.agrobay.com.py\/index.php\/wp-json\/wp\/v2\/comments?post=1112"}],"version-history":[{"count":3,"href":"https:\/\/blog.agrobay.com.py\/index.php\/wp-json\/wp\/v2\/posts\/1112\/revisions"}],"predecessor-version":[{"id":1138,"href":"https:\/\/blog.agrobay.com.py\/index.php\/wp-json\/wp\/v2\/posts\/1112\/revisions\/1138"}],"wp:featuredmedia":[{"embeddable":true,"href":"https:\/\/blog.agrobay.com.py\/index.php\/wp-json\/wp\/v2\/media\/1137"}],"wp:attachment":[{"href":"https:\/\/blog.agrobay.com.py\/index.php\/wp-json\/wp\/v2\/media?parent=1112"}],"wp:term":[{"taxonomy":"category","embeddable":true,"href":"https:\/\/blog.agrobay.com.py\/index.php\/wp-json\/wp\/v2\/categories?post=1112"},{"taxonomy":"post_tag","embeddable":true,"href":"https:\/\/blog.agrobay.com.py\/index.php\/wp-json\/wp\/v2\/tags?post=1112"}],"curies":[{"name":"wp","href":"https:\/\/api.w.org\/{rel}","templated":true}]}}